{"id":60,"date":"2026-01-18T00:49:07","date_gmt":"2026-01-18T00:49:07","guid":{"rendered":"https:\/\/monmaghreb.net\/?p=60"},"modified":"2026-01-18T00:49:08","modified_gmt":"2026-01-18T00:49:08","slug":"weld-el-janoub-lenfant-du-sud","status":"publish","type":"post","link":"http:\/\/monmaghreb.net\/index.php\/2026\/01\/18\/weld-el-janoub-lenfant-du-sud\/","title":{"rendered":"Weld El Janoub (L&#8217;Enfant du Sud)"},"content":{"rendered":"\n<h3 class=\"wp-block-heading\">Une Ode \u00e0 la Libert\u00e9 du Sahara<\/h3>\n\n\n\n<p><strong>Weld El Janoub<\/strong> est une c\u00e9l\u00e9bration vibrante de Tataouine et des paysages infinis du Sud tunisien. Sur un rythme Reggae-Ra\u00ef ensoleill\u00e9, ce morceau raconte le voyage d&#8217;un homme qui quitte les murs de la ville pour retrouver le silence, la transe du d\u00e9sert et la v\u00e9ritable libert\u00e9 sous les \u00e9toiles.<\/p>\n\n\n\n<h3 class=\"wp-block-heading\">Les Paroles Phares<\/h3>\n\n\n\n<blockquote class=\"wp-block-quote is-layout-flow wp-block-quote-is-layout-flow\">\n<p><em>&#8220;Ya Tataouine, Ya Zin el Sahara ! Ya Tataouine, libert\u00e9 bizarre !&#8221;<\/em> <em>&#8220;Je ne fuis pas ma terre, je l\u2019embrasse enfin. Tataouine, tu es mon d\u00e9but et ma fin.&#8221;<\/em><\/p>\n<\/blockquote>\n\n\n\n<h3 class=\"wp-block-heading\">L\u2019\u00c2me du Morceau<\/h3>\n\n\n\n<ul class=\"wp-block-list\">\n<li><strong>Le Berceau de Tataouine<\/strong> : Entre Chenini et les Ksars, le morceau rend hommage \u00e0 une terre de caract\u00e8re, surnomm\u00e9e la &#8220;Beaut\u00e9 du Sahara&#8221;.<\/li>\n\n\n\n<li><strong>La Qu\u00eate d&#8217;Aventure<\/strong> : Le sac l\u00e9ger et le c\u0153ur ouvert, l&#8217;artiste part \u00e0 la recherche d&#8217;un horizon sans limites (&#8220;La stour, la 7doud&#8221;), l\u00e0 o\u00f9 le sable devient de l&#8217;or.<\/li>\n\n\n\n<li><strong>Le Temps Suspendu<\/strong> : Autour d&#8217;un feu de camp, entre un th\u00e9 \u00e0 la menthe et le son de la gasba, les soucis (&#8220;el hmoum&#8221;) s&#8217;effacent pour laisser place \u00e0 la beaut\u00e9 du moment pr\u00e9sent.<\/li>\n\n\n\n<li><strong>Une Identit\u00e9 Tunisienne<\/strong> : \u00c0 travers les ad-libs &#8220;Ya Tataouine !&#8221;, le titre affirme une fiert\u00e9 profonde pour le patrimoine et les paysages du sud de la Tunisie.<\/li>\n<\/ul>\n\n\n\n<iframe loading=\"lazy\" height=\"175\" width=\"100%\" title=\"Media player\" src=\"https:\/\/embed.music.apple.com\/us\/album\/weld-el-janoub\/1868351549?i=1868351565&amp;itscg=30200&amp;itsct=music_box_player&amp;ls=1&amp;app=music&amp;mttnsubad=1868351565&amp;theme=auto\" id=\"embedPlayer\" sandbox=\"allow-forms allow-popups allow-same-origin allow-scripts allow-top-navigation-by-user-activation\" allow=\"autoplay *; encrypted-media *; clipboard-write\" style=\"border: 0px; border-radius: 12px; width: 100%; height: 175px; max-width: 660px;\"><\/iframe>\n\n\n\n<p><\/p>\n","protected":false},"excerpt":{"rendered":"<p>Une Ode \u00e0 la Libert\u00e9 du Sahara Weld El Janoub est une c\u00e9l\u00e9bration vibrante de Tataouine et des paysages infinis du Sud tunisien. Sur un rythme Reggae-Ra\u00ef ensoleill\u00e9, ce morceau raconte le voyage d&#8217;un homme qui quitte les murs de la ville pour retrouver le silence, la transe du d\u00e9sert et la v\u00e9ritable libert\u00e9 sous [&hellip;]<\/p>\n","protected":false},"author":1,"featured_media":61,"comment_status":"open","ping_status":"open","sticky":false,"template":"","format":"standard","meta":{"footnotes":""},"categories":[1],"tags":[],"class_list":["post-60","post","type-post","status-publish","format-standard","has-post-thumbnail","hentry","category-uncategorized"],"yoast_head":"<!-- This site is optimized with the Yoast SEO plugin v27.5 - https:\/\/yoast.com\/product\/yoast-seo-wordpress\/ -->\n<title>Weld El Janoub (L&#039;Enfant du Sud) - MonMaghreb Artist<\/title>\n<meta name=\"robots\" content=\"index, follow, max-snippet:-1, max-image-preview:large, max-video-preview:-1\" \/>\n<link rel=\"canonical\" href=\"http:\/\/monmaghreb.net\/index.php\/2026\/01\/18\/weld-el-janoub-lenfant-du-sud\/\" \/>\n<meta property=\"og:locale\" content=\"en_US\" \/>\n<meta property=\"og:type\" content=\"article\" \/>\n<meta property=\"og:title\" content=\"Weld El Janoub (L&#039;Enfant du Sud) - MonMaghreb Artist\" \/>\n<meta property=\"og:description\" content=\"Une Ode \u00e0 la Libert\u00e9 du Sahara Weld El Janoub est une c\u00e9l\u00e9bration vibrante de Tataouine et des paysages infinis du Sud tunisien. Sur un rythme Reggae-Ra\u00ef ensoleill\u00e9, ce morceau raconte le voyage d&#8217;un homme qui quitte les murs de la ville pour retrouver le silence, la transe du d\u00e9sert et la v\u00e9ritable libert\u00e9 sous [&hellip;]\" \/>\n<meta property=\"og:url\" content=\"http:\/\/monmaghreb.net\/index.php\/2026\/01\/18\/weld-el-janoub-lenfant-du-sud\/\" \/>\n<meta property=\"og:site_name\" content=\"MonMaghreb Artist\" \/>\n<meta property=\"article:published_time\" content=\"2026-01-18T00:49:07+00:00\" \/>\n<meta property=\"article:modified_time\" content=\"2026-01-18T00:49:08+00:00\" \/>\n<meta property=\"og:image\" content=\"http:\/\/monmaghreb.net\/wp-content\/uploads\/2026\/01\/weld-el-janoub-2.jpg\" \/>\n\t<meta property=\"og:image:width\" content=\"1024\" \/>\n\t<meta property=\"og:image:height\" content=\"1024\" \/>\n\t<meta property=\"og:image:type\" content=\"image\/jpeg\" \/>\n<meta name=\"author\" content=\"rachidgrib\" \/>\n<meta name=\"twitter:card\" content=\"summary_large_image\" \/>\n<meta name=\"twitter:label1\" content=\"Written by\" \/>\n\t<meta name=\"twitter:data1\" content=\"rachidgrib\" \/>\n\t<meta name=\"twitter:label2\" content=\"Est. reading time\" \/>\n\t<meta name=\"twitter:data2\" content=\"1 minute\" \/>\n<script type=\"application\/ld+json\" class=\"yoast-schema-graph\">{\"@context\":\"https:\\\/\\\/schema.org\",\"@graph\":[{\"@type\":\"Article\",\"@id\":\"http:\\\/\\\/monmaghreb.net\\\/index.php\\\/2026\\\/01\\\/18\\\/weld-el-janoub-lenfant-du-sud\\\/#article\",\"isPartOf\":{\"@id\":\"http:\\\/\\\/monmaghreb.net\\\/index.php\\\/2026\\\/01\\\/18\\\/weld-el-janoub-lenfant-du-sud\\\/\"},\"author\":{\"name\":\"rachidgrib\",\"@id\":\"https:\\\/\\\/monmaghreb.net\\\/#\\\/schema\\\/person\\\/665721bef2965901d57972af870f7e9d\"},\"headline\":\"Weld El Janoub (L&#8217;Enfant du Sud)\",\"datePublished\":\"2026-01-18T00:49:07+00:00\",\"dateModified\":\"2026-01-18T00:49:08+00:00\",\"mainEntityOfPage\":{\"@id\":\"http:\\\/\\\/monmaghreb.net\\\/index.php\\\/2026\\\/01\\\/18\\\/weld-el-janoub-lenfant-du-sud\\\/\"},\"wordCount\":224,\"commentCount\":0,\"publisher\":{\"@id\":\"https:\\\/\\\/monmaghreb.net\\\/#\\\/schema\\\/person\\\/665721bef2965901d57972af870f7e9d\"},\"image\":{\"@id\":\"http:\\\/\\\/monmaghreb.net\\\/index.php\\\/2026\\\/01\\\/18\\\/weld-el-janoub-lenfant-du-sud\\\/#primaryimage\"},\"thumbnailUrl\":\"http:\\\/\\\/monmaghreb.net\\\/wp-content\\\/uploads\\\/2026\\\/01\\\/weld-el-janoub-2.jpg\",\"inLanguage\":\"en-US\",\"potentialAction\":[{\"@type\":\"CommentAction\",\"name\":\"Comment\",\"target\":[\"http:\\\/\\\/monmaghreb.net\\\/index.php\\\/2026\\\/01\\\/18\\\/weld-el-janoub-lenfant-du-sud\\\/#respond\"]}]},{\"@type\":\"WebPage\",\"@id\":\"http:\\\/\\\/monmaghreb.net\\\/index.php\\\/2026\\\/01\\\/18\\\/weld-el-janoub-lenfant-du-sud\\\/\",\"url\":\"http:\\\/\\\/monmaghreb.net\\\/index.php\\\/2026\\\/01\\\/18\\\/weld-el-janoub-lenfant-du-sud\\\/\",\"name\":\"Weld El Janoub (L'Enfant du Sud) - MonMaghreb Artist\",\"isPartOf\":{\"@id\":\"https:\\\/\\\/monmaghreb.net\\\/#website\"},\"primaryImageOfPage\":{\"@id\":\"http:\\\/\\\/monmaghreb.net\\\/index.php\\\/2026\\\/01\\\/18\\\/weld-el-janoub-lenfant-du-sud\\\/#primaryimage\"},\"image\":{\"@id\":\"http:\\\/\\\/monmaghreb.net\\\/index.php\\\/2026\\\/01\\\/18\\\/weld-el-janoub-lenfant-du-sud\\\/#primaryimage\"},\"thumbnailUrl\":\"http:\\\/\\\/monmaghreb.net\\\/wp-content\\\/uploads\\\/2026\\\/01\\\/weld-el-janoub-2.jpg\",\"datePublished\":\"2026-01-18T00:49:07+00:00\",\"dateModified\":\"2026-01-18T00:49:08+00:00\",\"breadcrumb\":{\"@id\":\"http:\\\/\\\/monmaghreb.net\\\/index.php\\\/2026\\\/01\\\/18\\\/weld-el-janoub-lenfant-du-sud\\\/#breadcrumb\"},\"inLanguage\":\"en-US\",\"potentialAction\":[{\"@type\":\"ReadAction\",\"target\":[\"http:\\\/\\\/monmaghreb.net\\\/index.php\\\/2026\\\/01\\\/18\\\/weld-el-janoub-lenfant-du-sud\\\/\"]}]},{\"@type\":\"ImageObject\",\"inLanguage\":\"en-US\",\"@id\":\"http:\\\/\\\/monmaghreb.net\\\/index.php\\\/2026\\\/01\\\/18\\\/weld-el-janoub-lenfant-du-sud\\\/#primaryimage\",\"url\":\"http:\\\/\\\/monmaghreb.net\\\/wp-content\\\/uploads\\\/2026\\\/01\\\/weld-el-janoub-2.jpg\",\"contentUrl\":\"http:\\\/\\\/monmaghreb.net\\\/wp-content\\\/uploads\\\/2026\\\/01\\\/weld-el-janoub-2.jpg\",\"width\":1024,\"height\":1024},{\"@type\":\"BreadcrumbList\",\"@id\":\"http:\\\/\\\/monmaghreb.net\\\/index.php\\\/2026\\\/01\\\/18\\\/weld-el-janoub-lenfant-du-sud\\\/#breadcrumb\",\"itemListElement\":[{\"@type\":\"ListItem\",\"position\":1,\"name\":\"Home\",\"item\":\"https:\\\/\\\/monmaghreb.net\\\/\"},{\"@type\":\"ListItem\",\"position\":2,\"name\":\"Weld El Janoub (L&#8217;Enfant du Sud)\"}]},{\"@type\":\"WebSite\",\"@id\":\"https:\\\/\\\/monmaghreb.net\\\/#website\",\"url\":\"https:\\\/\\\/monmaghreb.net\\\/\",\"name\":\"MonMaghreb Artist\",\"description\":\"We are United\",\"publisher\":{\"@id\":\"https:\\\/\\\/monmaghreb.net\\\/#\\\/schema\\\/person\\\/665721bef2965901d57972af870f7e9d\"},\"potentialAction\":[{\"@type\":\"SearchAction\",\"target\":{\"@type\":\"EntryPoint\",\"urlTemplate\":\"https:\\\/\\\/monmaghreb.net\\\/?s={search_term_string}\"},\"query-input\":{\"@type\":\"PropertyValueSpecification\",\"valueRequired\":true,\"valueName\":\"search_term_string\"}}],\"inLanguage\":\"en-US\"},{\"@type\":[\"Person\",\"Organization\"],\"@id\":\"https:\\\/\\\/monmaghreb.net\\\/#\\\/schema\\\/person\\\/665721bef2965901d57972af870f7e9d\",\"name\":\"rachidgrib\",\"image\":{\"@type\":\"ImageObject\",\"inLanguage\":\"en-US\",\"@id\":\"https:\\\/\\\/monmaghreb.net\\\/wp-content\\\/uploads\\\/2026\\\/01\\\/MonMaghreb-Artist-Logo.jpg\",\"url\":\"https:\\\/\\\/monmaghreb.net\\\/wp-content\\\/uploads\\\/2026\\\/01\\\/MonMaghreb-Artist-Logo.jpg\",\"contentUrl\":\"https:\\\/\\\/monmaghreb.net\\\/wp-content\\\/uploads\\\/2026\\\/01\\\/MonMaghreb-Artist-Logo.jpg\",\"width\":1024,\"height\":623,\"caption\":\"rachidgrib\"},\"logo\":{\"@id\":\"https:\\\/\\\/monmaghreb.net\\\/wp-content\\\/uploads\\\/2026\\\/01\\\/MonMaghreb-Artist-Logo.jpg\"},\"sameAs\":[\"http:\\\/\\\/monmaghreb.net\"],\"url\":\"http:\\\/\\\/monmaghreb.net\\\/index.php\\\/author\\\/rachidgrib\\\/\"}]}<\/script>\n<!-- \/ Yoast SEO plugin. -->","yoast_head_json":{"title":"Weld El Janoub (L'Enfant du Sud) - MonMaghreb Artist","robots":{"index":"index","follow":"follow","max-snippet":"max-snippet:-1","max-image-preview":"max-image-preview:large","max-video-preview":"max-video-preview:-1"},"canonical":"http:\/\/monmaghreb.net\/index.php\/2026\/01\/18\/weld-el-janoub-lenfant-du-sud\/","og_locale":"en_US","og_type":"article","og_title":"Weld El Janoub (L'Enfant du Sud) - MonMaghreb Artist","og_description":"Une Ode \u00e0 la Libert\u00e9 du Sahara Weld El Janoub est une c\u00e9l\u00e9bration vibrante de Tataouine et des paysages infinis du Sud tunisien. Sur un rythme Reggae-Ra\u00ef ensoleill\u00e9, ce morceau raconte le voyage d&#8217;un homme qui quitte les murs de la ville pour retrouver le silence, la transe du d\u00e9sert et la v\u00e9ritable libert\u00e9 sous [&hellip;]","og_url":"http:\/\/monmaghreb.net\/index.php\/2026\/01\/18\/weld-el-janoub-lenfant-du-sud\/","og_site_name":"MonMaghreb Artist","article_published_time":"2026-01-18T00:49:07+00:00","article_modified_time":"2026-01-18T00:49:08+00:00","og_image":[{"width":1024,"height":1024,"url":"http:\/\/monmaghreb.net\/wp-content\/uploads\/2026\/01\/weld-el-janoub-2.jpg","type":"image\/jpeg"}],"author":"rachidgrib","twitter_card":"summary_large_image","twitter_misc":{"Written by":"rachidgrib","Est. reading time":"1 minute"},"schema":{"@context":"https:\/\/schema.org","@graph":[{"@type":"Article","@id":"http:\/\/monmaghreb.net\/index.php\/2026\/01\/18\/weld-el-janoub-lenfant-du-sud\/#article","isPartOf":{"@id":"http:\/\/monmaghreb.net\/index.php\/2026\/01\/18\/weld-el-janoub-lenfant-du-sud\/"},"author":{"name":"rachidgrib","@id":"https:\/\/monmaghreb.net\/#\/schema\/person\/665721bef2965901d57972af870f7e9d"},"headline":"Weld El Janoub (L&#8217;Enfant du Sud)","datePublished":"2026-01-18T00:49:07+00:00","dateModified":"2026-01-18T00:49:08+00:00","mainEntityOfPage":{"@id":"http:\/\/monmaghreb.net\/index.php\/2026\/01\/18\/weld-el-janoub-lenfant-du-sud\/"},"wordCount":224,"commentCount":0,"publisher":{"@id":"https:\/\/monmaghreb.net\/#\/schema\/person\/665721bef2965901d57972af870f7e9d"},"image":{"@id":"http:\/\/monmaghreb.net\/index.php\/2026\/01\/18\/weld-el-janoub-lenfant-du-sud\/#primaryimage"},"thumbnailUrl":"http:\/\/monmaghreb.net\/wp-content\/uploads\/2026\/01\/weld-el-janoub-2.jpg","inLanguage":"en-US","potentialAction":[{"@type":"CommentAction","name":"Comment","target":["http:\/\/monmaghreb.net\/index.php\/2026\/01\/18\/weld-el-janoub-lenfant-du-sud\/#respond"]}]},{"@type":"WebPage","@id":"http:\/\/monmaghreb.net\/index.php\/2026\/01\/18\/weld-el-janoub-lenfant-du-sud\/","url":"http:\/\/monmaghreb.net\/index.php\/2026\/01\/18\/weld-el-janoub-lenfant-du-sud\/","name":"Weld El Janoub (L'Enfant du Sud) - MonMaghreb Artist","isPartOf":{"@id":"https:\/\/monmaghreb.net\/#website"},"primaryImageOfPage":{"@id":"http:\/\/monmaghreb.net\/index.php\/2026\/01\/18\/weld-el-janoub-lenfant-du-sud\/#primaryimage"},"image":{"@id":"http:\/\/monmaghreb.net\/index.php\/2026\/01\/18\/weld-el-janoub-lenfant-du-sud\/#primaryimage"},"thumbnailUrl":"http:\/\/monmaghreb.net\/wp-content\/uploads\/2026\/01\/weld-el-janoub-2.jpg","datePublished":"2026-01-18T00:49:07+00:00","dateModified":"2026-01-18T00:49:08+00:00","breadcrumb":{"@id":"http:\/\/monmaghreb.net\/index.php\/2026\/01\/18\/weld-el-janoub-lenfant-du-sud\/#breadcrumb"},"inLanguage":"en-US","potentialAction":[{"@type":"ReadAction","target":["http:\/\/monmaghreb.net\/index.php\/2026\/01\/18\/weld-el-janoub-lenfant-du-sud\/"]}]},{"@type":"ImageObject","inLanguage":"en-US","@id":"http:\/\/monmaghreb.net\/index.php\/2026\/01\/18\/weld-el-janoub-lenfant-du-sud\/#primaryimage","url":"http:\/\/monmaghreb.net\/wp-content\/uploads\/2026\/01\/weld-el-janoub-2.jpg","contentUrl":"http:\/\/monmaghreb.net\/wp-content\/uploads\/2026\/01\/weld-el-janoub-2.jpg","width":1024,"height":1024},{"@type":"BreadcrumbList","@id":"http:\/\/monmaghreb.net\/index.php\/2026\/01\/18\/weld-el-janoub-lenfant-du-sud\/#breadcrumb","itemListElement":[{"@type":"ListItem","position":1,"name":"Home","item":"https:\/\/monmaghreb.net\/"},{"@type":"ListItem","position":2,"name":"Weld El Janoub (L&#8217;Enfant du Sud)"}]},{"@type":"WebSite","@id":"https:\/\/monmaghreb.net\/#website","url":"https:\/\/monmaghreb.net\/","name":"MonMaghreb Artist","description":"We are United","publisher":{"@id":"https:\/\/monmaghreb.net\/#\/schema\/person\/665721bef2965901d57972af870f7e9d"},"potentialAction":[{"@type":"SearchAction","target":{"@type":"EntryPoint","urlTemplate":"https:\/\/monmaghreb.net\/?s={search_term_string}"},"query-input":{"@type":"PropertyValueSpecification","valueRequired":true,"valueName":"search_term_string"}}],"inLanguage":"en-US"},{"@type":["Person","Organization"],"@id":"https:\/\/monmaghreb.net\/#\/schema\/person\/665721bef2965901d57972af870f7e9d","name":"rachidgrib","image":{"@type":"ImageObject","inLanguage":"en-US","@id":"https:\/\/monmaghreb.net\/wp-content\/uploads\/2026\/01\/MonMaghreb-Artist-Logo.jpg","url":"https:\/\/monmaghreb.net\/wp-content\/uploads\/2026\/01\/MonMaghreb-Artist-Logo.jpg","contentUrl":"https:\/\/monmaghreb.net\/wp-content\/uploads\/2026\/01\/MonMaghreb-Artist-Logo.jpg","width":1024,"height":623,"caption":"rachidgrib"},"logo":{"@id":"https:\/\/monmaghreb.net\/wp-content\/uploads\/2026\/01\/MonMaghreb-Artist-Logo.jpg"},"sameAs":["http:\/\/monmaghreb.net"],"url":"http:\/\/monmaghreb.net\/index.php\/author\/rachidgrib\/"}]}},"_links":{"self":[{"href":"http:\/\/monmaghreb.net\/index.php\/wp-json\/wp\/v2\/posts\/60","targetHints":{"allow":["GET"]}}],"collection":[{"href":"http:\/\/monmaghreb.net\/index.php\/wp-json\/wp\/v2\/posts"}],"about":[{"href":"http:\/\/monmaghreb.net\/index.php\/wp-json\/wp\/v2\/types\/post"}],"author":[{"embeddable":true,"href":"http:\/\/monmaghreb.net\/index.php\/wp-json\/wp\/v2\/users\/1"}],"replies":[{"embeddable":true,"href":"http:\/\/monmaghreb.net\/index.php\/wp-json\/wp\/v2\/comments?post=60"}],"version-history":[{"count":1,"href":"http:\/\/monmaghreb.net\/index.php\/wp-json\/wp\/v2\/posts\/60\/revisions"}],"predecessor-version":[{"id":62,"href":"http:\/\/monmaghreb.net\/index.php\/wp-json\/wp\/v2\/posts\/60\/revisions\/62"}],"wp:featuredmedia":[{"embeddable":true,"href":"http:\/\/monmaghreb.net\/index.php\/wp-json\/wp\/v2\/media\/61"}],"wp:attachment":[{"href":"http:\/\/monmaghreb.net\/index.php\/wp-json\/wp\/v2\/media?parent=60"}],"wp:term":[{"taxonomy":"category","embeddable":true,"href":"http:\/\/monmaghreb.net\/index.php\/wp-json\/wp\/v2\/categories?post=60"},{"taxonomy":"post_tag","embeddable":true,"href":"http:\/\/monmaghreb.net\/index.php\/wp-json\/wp\/v2\/tags?post=60"}],"curies":[{"name":"wp","href":"https:\/\/api.w.org\/{rel}","templated":true}]}}