{"id":45,"date":"2026-01-18T00:20:31","date_gmt":"2026-01-18T00:20:31","guid":{"rendered":"https:\/\/monmaghreb.net\/?p=45"},"modified":"2026-01-18T00:20:32","modified_gmt":"2026-01-18T00:20:32","slug":"de-la-houma-au-sommet-balti","status":"publish","type":"post","link":"http:\/\/monmaghreb.net\/index.php\/2026\/01\/18\/de-la-houma-au-sommet-balti\/","title":{"rendered":"De la Houma au Sommet (Balti)"},"content":{"rendered":"\n<h3 class=\"wp-block-heading\">L&#8217;Histoire d&#8217;une V\u00e9rit\u00e9<\/h3>\n\n\n\n<p><strong>De la Houma au Sommet<\/strong> est un hommage au parcours l\u00e9gendaire de <strong>Balti<\/strong>, l&#8217;enfant de Sidi Hassin qui a transform\u00e9 la poussi\u00e8re des ruelles en or musical. C&#8217;est le r\u00e9cit d&#8217;un gamin avec un micro qui a port\u00e9 la voix de ceux qu&#8217;on n&#8217;entendait pas jusqu&#8217;au sommet du monde.<\/p>\n\n\n\n<h3 class=\"wp-block-heading\">Les Paroles Phares<\/h3>\n\n\n\n<blockquote class=\"wp-block-quote is-layout-flow wp-block-quote-is-layout-flow\">\n<p><em>&#8220;Du b\u00e9ton de Tunis, au tapis rouge du destin. Voix des Awadis, l&#8217;enfant du pays.&#8221;<\/em> <em>&#8220;Un milliard de vues, une couronne sur la t\u00eate. Avec Hamouda, il chante le r\u00eave et l&#8217;enfance.&#8221;<\/em> <\/p>\n<\/blockquote>\n\n\n\n<h3 class=\"wp-block-heading\">L\u2019\u00c2me du Morceau<\/h3>\n\n\n\n<ul class=\"wp-block-list\">\n<li><strong>L&#8217;Architecte de nos Destins<\/strong> : Balti est pr\u00e9sent\u00e9 comme celui qui a su briser les cloisons avec des m\u00e9lodies arabes et un flow pur.<\/li>\n\n\n\n<li><strong>La R\u00e9silience<\/strong> : Le morceau \u00e9voque les ann\u00e9es de temp\u00eate et la force de revenir plus fort apr\u00e8s la r\u00e9volution.<\/li>\n\n\n\n<li><strong>Le Succ\u00e8s Plan\u00e9taire<\/strong> : De la rue jusqu&#8217;au triomphe de &#8220;Ya Lili&#8221;, il a fait vibrer le Maghreb, la Tunisie et la France.<\/li>\n\n\n\n<li><strong>Le Respect \u00c9ternel<\/strong> : Une c\u00e9l\u00e9bration pour celui qui, malgr\u00e9 la gloire et les sommets, n&#8217;a jamais oubli\u00e9 d&#8217;o\u00f9 il vient.<\/li>\n<\/ul>\n\n\n\n<iframe loading=\"lazy\" height=\"175\" width=\"100%\" title=\"Media player\" src=\"https:\/\/embed.music.apple.com\/us\/album\/de-la-houma-au-sommet\/1868351549?i=1868351551&amp;itscg=30200&amp;itsct=music_box_player&amp;ls=1&amp;app=music&amp;mttnsubad=1868351551&amp;theme=auto\" id=\"embedPlayer\" sandbox=\"allow-forms allow-popups allow-same-origin allow-scripts allow-top-navigation-by-user-activation\" allow=\"autoplay *; encrypted-media *; clipboard-write\" style=\"border: 0px; border-radius: 12px; width: 100%; height: 175px; max-width: 660px;\"><\/iframe>\n","protected":false},"excerpt":{"rendered":"<p>L&#8217;Histoire d&#8217;une V\u00e9rit\u00e9 De la Houma au Sommet est un hommage au parcours l\u00e9gendaire de Balti, l&#8217;enfant de Sidi Hassin qui a transform\u00e9 la poussi\u00e8re des ruelles en or musical. C&#8217;est le r\u00e9cit d&#8217;un gamin avec un micro qui a port\u00e9 la voix de ceux qu&#8217;on n&#8217;entendait pas jusqu&#8217;au sommet du monde. Les Paroles Phares [&hellip;]<\/p>\n","protected":false},"author":1,"featured_media":46,"comment_status":"open","ping_status":"open","sticky":false,"template":"","format":"standard","meta":{"footnotes":""},"categories":[1],"tags":[],"class_list":["post-45","post","type-post","status-publish","format-standard","has-post-thumbnail","hentry","category-uncategorized"],"yoast_head":"<!-- This site is optimized with the Yoast SEO plugin v27.5 - https:\/\/yoast.com\/product\/yoast-seo-wordpress\/ -->\n<title>De la Houma au Sommet (Balti) - MonMaghreb Artist<\/title>\n<meta name=\"robots\" content=\"index, follow, max-snippet:-1, max-image-preview:large, max-video-preview:-1\" \/>\n<link rel=\"canonical\" href=\"http:\/\/monmaghreb.net\/index.php\/2026\/01\/18\/de-la-houma-au-sommet-balti\/\" \/>\n<meta property=\"og:locale\" content=\"en_US\" \/>\n<meta property=\"og:type\" content=\"article\" \/>\n<meta property=\"og:title\" content=\"De la Houma au Sommet (Balti) - MonMaghreb Artist\" \/>\n<meta property=\"og:description\" content=\"L&#8217;Histoire d&#8217;une V\u00e9rit\u00e9 De la Houma au Sommet est un hommage au parcours l\u00e9gendaire de Balti, l&#8217;enfant de Sidi Hassin qui a transform\u00e9 la poussi\u00e8re des ruelles en or musical. C&#8217;est le r\u00e9cit d&#8217;un gamin avec un micro qui a port\u00e9 la voix de ceux qu&#8217;on n&#8217;entendait pas jusqu&#8217;au sommet du monde. Les Paroles Phares [&hellip;]\" \/>\n<meta property=\"og:url\" content=\"http:\/\/monmaghreb.net\/index.php\/2026\/01\/18\/de-la-houma-au-sommet-balti\/\" \/>\n<meta property=\"og:site_name\" content=\"MonMaghreb Artist\" \/>\n<meta property=\"article:published_time\" content=\"2026-01-18T00:20:31+00:00\" \/>\n<meta property=\"article:modified_time\" content=\"2026-01-18T00:20:32+00:00\" \/>\n<meta property=\"og:image\" content=\"http:\/\/monmaghreb.net\/wp-content\/uploads\/2026\/01\/De-La-Houma-Au-Sommet-4.jpg\" \/>\n\t<meta property=\"og:image:width\" content=\"1024\" \/>\n\t<meta property=\"og:image:height\" content=\"1024\" \/>\n\t<meta property=\"og:image:type\" content=\"image\/jpeg\" \/>\n<meta name=\"author\" content=\"rachidgrib\" \/>\n<meta name=\"twitter:card\" content=\"summary_large_image\" \/>\n<meta name=\"twitter:label1\" content=\"Written by\" \/>\n\t<meta name=\"twitter:data1\" content=\"rachidgrib\" \/>\n\t<meta name=\"twitter:label2\" content=\"Est. reading time\" \/>\n\t<meta name=\"twitter:data2\" content=\"1 minute\" \/>\n<script type=\"application\/ld+json\" class=\"yoast-schema-graph\">{\"@context\":\"https:\\\/\\\/schema.org\",\"@graph\":[{\"@type\":\"Article\",\"@id\":\"http:\\\/\\\/monmaghreb.net\\\/index.php\\\/2026\\\/01\\\/18\\\/de-la-houma-au-sommet-balti\\\/#article\",\"isPartOf\":{\"@id\":\"http:\\\/\\\/monmaghreb.net\\\/index.php\\\/2026\\\/01\\\/18\\\/de-la-houma-au-sommet-balti\\\/\"},\"author\":{\"name\":\"rachidgrib\",\"@id\":\"https:\\\/\\\/monmaghreb.net\\\/#\\\/schema\\\/person\\\/665721bef2965901d57972af870f7e9d\"},\"headline\":\"De la Houma au Sommet (Balti)\",\"datePublished\":\"2026-01-18T00:20:31+00:00\",\"dateModified\":\"2026-01-18T00:20:32+00:00\",\"mainEntityOfPage\":{\"@id\":\"http:\\\/\\\/monmaghreb.net\\\/index.php\\\/2026\\\/01\\\/18\\\/de-la-houma-au-sommet-balti\\\/\"},\"wordCount\":213,\"commentCount\":0,\"publisher\":{\"@id\":\"https:\\\/\\\/monmaghreb.net\\\/#\\\/schema\\\/person\\\/665721bef2965901d57972af870f7e9d\"},\"image\":{\"@id\":\"http:\\\/\\\/monmaghreb.net\\\/index.php\\\/2026\\\/01\\\/18\\\/de-la-houma-au-sommet-balti\\\/#primaryimage\"},\"thumbnailUrl\":\"http:\\\/\\\/monmaghreb.net\\\/wp-content\\\/uploads\\\/2026\\\/01\\\/De-La-Houma-Au-Sommet-4.jpg\",\"inLanguage\":\"en-US\",\"potentialAction\":[{\"@type\":\"CommentAction\",\"name\":\"Comment\",\"target\":[\"http:\\\/\\\/monmaghreb.net\\\/index.php\\\/2026\\\/01\\\/18\\\/de-la-houma-au-sommet-balti\\\/#respond\"]}]},{\"@type\":\"WebPage\",\"@id\":\"http:\\\/\\\/monmaghreb.net\\\/index.php\\\/2026\\\/01\\\/18\\\/de-la-houma-au-sommet-balti\\\/\",\"url\":\"http:\\\/\\\/monmaghreb.net\\\/index.php\\\/2026\\\/01\\\/18\\\/de-la-houma-au-sommet-balti\\\/\",\"name\":\"De la Houma au Sommet (Balti) - MonMaghreb Artist\",\"isPartOf\":{\"@id\":\"https:\\\/\\\/monmaghreb.net\\\/#website\"},\"primaryImageOfPage\":{\"@id\":\"http:\\\/\\\/monmaghreb.net\\\/index.php\\\/2026\\\/01\\\/18\\\/de-la-houma-au-sommet-balti\\\/#primaryimage\"},\"image\":{\"@id\":\"http:\\\/\\\/monmaghreb.net\\\/index.php\\\/2026\\\/01\\\/18\\\/de-la-houma-au-sommet-balti\\\/#primaryimage\"},\"thumbnailUrl\":\"http:\\\/\\\/monmaghreb.net\\\/wp-content\\\/uploads\\\/2026\\\/01\\\/De-La-Houma-Au-Sommet-4.jpg\",\"datePublished\":\"2026-01-18T00:20:31+00:00\",\"dateModified\":\"2026-01-18T00:20:32+00:00\",\"breadcrumb\":{\"@id\":\"http:\\\/\\\/monmaghreb.net\\\/index.php\\\/2026\\\/01\\\/18\\\/de-la-houma-au-sommet-balti\\\/#breadcrumb\"},\"inLanguage\":\"en-US\",\"potentialAction\":[{\"@type\":\"ReadAction\",\"target\":[\"http:\\\/\\\/monmaghreb.net\\\/index.php\\\/2026\\\/01\\\/18\\\/de-la-houma-au-sommet-balti\\\/\"]}]},{\"@type\":\"ImageObject\",\"inLanguage\":\"en-US\",\"@id\":\"http:\\\/\\\/monmaghreb.net\\\/index.php\\\/2026\\\/01\\\/18\\\/de-la-houma-au-sommet-balti\\\/#primaryimage\",\"url\":\"http:\\\/\\\/monmaghreb.net\\\/wp-content\\\/uploads\\\/2026\\\/01\\\/De-La-Houma-Au-Sommet-4.jpg\",\"contentUrl\":\"http:\\\/\\\/monmaghreb.net\\\/wp-content\\\/uploads\\\/2026\\\/01\\\/De-La-Houma-Au-Sommet-4.jpg\",\"width\":1024,\"height\":1024},{\"@type\":\"BreadcrumbList\",\"@id\":\"http:\\\/\\\/monmaghreb.net\\\/index.php\\\/2026\\\/01\\\/18\\\/de-la-houma-au-sommet-balti\\\/#breadcrumb\",\"itemListElement\":[{\"@type\":\"ListItem\",\"position\":1,\"name\":\"Home\",\"item\":\"https:\\\/\\\/monmaghreb.net\\\/\"},{\"@type\":\"ListItem\",\"position\":2,\"name\":\"De la Houma au Sommet (Balti)\"}]},{\"@type\":\"WebSite\",\"@id\":\"https:\\\/\\\/monmaghreb.net\\\/#website\",\"url\":\"https:\\\/\\\/monmaghreb.net\\\/\",\"name\":\"MonMaghreb Artist\",\"description\":\"We are United\",\"publisher\":{\"@id\":\"https:\\\/\\\/monmaghreb.net\\\/#\\\/schema\\\/person\\\/665721bef2965901d57972af870f7e9d\"},\"potentialAction\":[{\"@type\":\"SearchAction\",\"target\":{\"@type\":\"EntryPoint\",\"urlTemplate\":\"https:\\\/\\\/monmaghreb.net\\\/?s={search_term_string}\"},\"query-input\":{\"@type\":\"PropertyValueSpecification\",\"valueRequired\":true,\"valueName\":\"search_term_string\"}}],\"inLanguage\":\"en-US\"},{\"@type\":[\"Person\",\"Organization\"],\"@id\":\"https:\\\/\\\/monmaghreb.net\\\/#\\\/schema\\\/person\\\/665721bef2965901d57972af870f7e9d\",\"name\":\"rachidgrib\",\"image\":{\"@type\":\"ImageObject\",\"inLanguage\":\"en-US\",\"@id\":\"https:\\\/\\\/monmaghreb.net\\\/wp-content\\\/uploads\\\/2026\\\/01\\\/MonMaghreb-Artist-Logo.jpg\",\"url\":\"https:\\\/\\\/monmaghreb.net\\\/wp-content\\\/uploads\\\/2026\\\/01\\\/MonMaghreb-Artist-Logo.jpg\",\"contentUrl\":\"https:\\\/\\\/monmaghreb.net\\\/wp-content\\\/uploads\\\/2026\\\/01\\\/MonMaghreb-Artist-Logo.jpg\",\"width\":1024,\"height\":623,\"caption\":\"rachidgrib\"},\"logo\":{\"@id\":\"https:\\\/\\\/monmaghreb.net\\\/wp-content\\\/uploads\\\/2026\\\/01\\\/MonMaghreb-Artist-Logo.jpg\"},\"sameAs\":[\"http:\\\/\\\/monmaghreb.net\"],\"url\":\"http:\\\/\\\/monmaghreb.net\\\/index.php\\\/author\\\/rachidgrib\\\/\"}]}<\/script>\n<!-- \/ Yoast SEO plugin. -->","yoast_head_json":{"title":"De la Houma au Sommet (Balti) - MonMaghreb Artist","robots":{"index":"index","follow":"follow","max-snippet":"max-snippet:-1","max-image-preview":"max-image-preview:large","max-video-preview":"max-video-preview:-1"},"canonical":"http:\/\/monmaghreb.net\/index.php\/2026\/01\/18\/de-la-houma-au-sommet-balti\/","og_locale":"en_US","og_type":"article","og_title":"De la Houma au Sommet (Balti) - MonMaghreb Artist","og_description":"L&#8217;Histoire d&#8217;une V\u00e9rit\u00e9 De la Houma au Sommet est un hommage au parcours l\u00e9gendaire de Balti, l&#8217;enfant de Sidi Hassin qui a transform\u00e9 la poussi\u00e8re des ruelles en or musical. C&#8217;est le r\u00e9cit d&#8217;un gamin avec un micro qui a port\u00e9 la voix de ceux qu&#8217;on n&#8217;entendait pas jusqu&#8217;au sommet du monde. Les Paroles Phares [&hellip;]","og_url":"http:\/\/monmaghreb.net\/index.php\/2026\/01\/18\/de-la-houma-au-sommet-balti\/","og_site_name":"MonMaghreb Artist","article_published_time":"2026-01-18T00:20:31+00:00","article_modified_time":"2026-01-18T00:20:32+00:00","og_image":[{"width":1024,"height":1024,"url":"http:\/\/monmaghreb.net\/wp-content\/uploads\/2026\/01\/De-La-Houma-Au-Sommet-4.jpg","type":"image\/jpeg"}],"author":"rachidgrib","twitter_card":"summary_large_image","twitter_misc":{"Written by":"rachidgrib","Est. reading time":"1 minute"},"schema":{"@context":"https:\/\/schema.org","@graph":[{"@type":"Article","@id":"http:\/\/monmaghreb.net\/index.php\/2026\/01\/18\/de-la-houma-au-sommet-balti\/#article","isPartOf":{"@id":"http:\/\/monmaghreb.net\/index.php\/2026\/01\/18\/de-la-houma-au-sommet-balti\/"},"author":{"name":"rachidgrib","@id":"https:\/\/monmaghreb.net\/#\/schema\/person\/665721bef2965901d57972af870f7e9d"},"headline":"De la Houma au Sommet (Balti)","datePublished":"2026-01-18T00:20:31+00:00","dateModified":"2026-01-18T00:20:32+00:00","mainEntityOfPage":{"@id":"http:\/\/monmaghreb.net\/index.php\/2026\/01\/18\/de-la-houma-au-sommet-balti\/"},"wordCount":213,"commentCount":0,"publisher":{"@id":"https:\/\/monmaghreb.net\/#\/schema\/person\/665721bef2965901d57972af870f7e9d"},"image":{"@id":"http:\/\/monmaghreb.net\/index.php\/2026\/01\/18\/de-la-houma-au-sommet-balti\/#primaryimage"},"thumbnailUrl":"http:\/\/monmaghreb.net\/wp-content\/uploads\/2026\/01\/De-La-Houma-Au-Sommet-4.jpg","inLanguage":"en-US","potentialAction":[{"@type":"CommentAction","name":"Comment","target":["http:\/\/monmaghreb.net\/index.php\/2026\/01\/18\/de-la-houma-au-sommet-balti\/#respond"]}]},{"@type":"WebPage","@id":"http:\/\/monmaghreb.net\/index.php\/2026\/01\/18\/de-la-houma-au-sommet-balti\/","url":"http:\/\/monmaghreb.net\/index.php\/2026\/01\/18\/de-la-houma-au-sommet-balti\/","name":"De la Houma au Sommet (Balti) - MonMaghreb Artist","isPartOf":{"@id":"https:\/\/monmaghreb.net\/#website"},"primaryImageOfPage":{"@id":"http:\/\/monmaghreb.net\/index.php\/2026\/01\/18\/de-la-houma-au-sommet-balti\/#primaryimage"},"image":{"@id":"http:\/\/monmaghreb.net\/index.php\/2026\/01\/18\/de-la-houma-au-sommet-balti\/#primaryimage"},"thumbnailUrl":"http:\/\/monmaghreb.net\/wp-content\/uploads\/2026\/01\/De-La-Houma-Au-Sommet-4.jpg","datePublished":"2026-01-18T00:20:31+00:00","dateModified":"2026-01-18T00:20:32+00:00","breadcrumb":{"@id":"http:\/\/monmaghreb.net\/index.php\/2026\/01\/18\/de-la-houma-au-sommet-balti\/#breadcrumb"},"inLanguage":"en-US","potentialAction":[{"@type":"ReadAction","target":["http:\/\/monmaghreb.net\/index.php\/2026\/01\/18\/de-la-houma-au-sommet-balti\/"]}]},{"@type":"ImageObject","inLanguage":"en-US","@id":"http:\/\/monmaghreb.net\/index.php\/2026\/01\/18\/de-la-houma-au-sommet-balti\/#primaryimage","url":"http:\/\/monmaghreb.net\/wp-content\/uploads\/2026\/01\/De-La-Houma-Au-Sommet-4.jpg","contentUrl":"http:\/\/monmaghreb.net\/wp-content\/uploads\/2026\/01\/De-La-Houma-Au-Sommet-4.jpg","width":1024,"height":1024},{"@type":"BreadcrumbList","@id":"http:\/\/monmaghreb.net\/index.php\/2026\/01\/18\/de-la-houma-au-sommet-balti\/#breadcrumb","itemListElement":[{"@type":"ListItem","position":1,"name":"Home","item":"https:\/\/monmaghreb.net\/"},{"@type":"ListItem","position":2,"name":"De la Houma au Sommet (Balti)"}]},{"@type":"WebSite","@id":"https:\/\/monmaghreb.net\/#website","url":"https:\/\/monmaghreb.net\/","name":"MonMaghreb Artist","description":"We are United","publisher":{"@id":"https:\/\/monmaghreb.net\/#\/schema\/person\/665721bef2965901d57972af870f7e9d"},"potentialAction":[{"@type":"SearchAction","target":{"@type":"EntryPoint","urlTemplate":"https:\/\/monmaghreb.net\/?s={search_term_string}"},"query-input":{"@type":"PropertyValueSpecification","valueRequired":true,"valueName":"search_term_string"}}],"inLanguage":"en-US"},{"@type":["Person","Organization"],"@id":"https:\/\/monmaghreb.net\/#\/schema\/person\/665721bef2965901d57972af870f7e9d","name":"rachidgrib","image":{"@type":"ImageObject","inLanguage":"en-US","@id":"https:\/\/monmaghreb.net\/wp-content\/uploads\/2026\/01\/MonMaghreb-Artist-Logo.jpg","url":"https:\/\/monmaghreb.net\/wp-content\/uploads\/2026\/01\/MonMaghreb-Artist-Logo.jpg","contentUrl":"https:\/\/monmaghreb.net\/wp-content\/uploads\/2026\/01\/MonMaghreb-Artist-Logo.jpg","width":1024,"height":623,"caption":"rachidgrib"},"logo":{"@id":"https:\/\/monmaghreb.net\/wp-content\/uploads\/2026\/01\/MonMaghreb-Artist-Logo.jpg"},"sameAs":["http:\/\/monmaghreb.net"],"url":"http:\/\/monmaghreb.net\/index.php\/author\/rachidgrib\/"}]}},"_links":{"self":[{"href":"http:\/\/monmaghreb.net\/index.php\/wp-json\/wp\/v2\/posts\/45","targetHints":{"allow":["GET"]}}],"collection":[{"href":"http:\/\/monmaghreb.net\/index.php\/wp-json\/wp\/v2\/posts"}],"about":[{"href":"http:\/\/monmaghreb.net\/index.php\/wp-json\/wp\/v2\/types\/post"}],"author":[{"embeddable":true,"href":"http:\/\/monmaghreb.net\/index.php\/wp-json\/wp\/v2\/users\/1"}],"replies":[{"embeddable":true,"href":"http:\/\/monmaghreb.net\/index.php\/wp-json\/wp\/v2\/comments?post=45"}],"version-history":[{"count":1,"href":"http:\/\/monmaghreb.net\/index.php\/wp-json\/wp\/v2\/posts\/45\/revisions"}],"predecessor-version":[{"id":47,"href":"http:\/\/monmaghreb.net\/index.php\/wp-json\/wp\/v2\/posts\/45\/revisions\/47"}],"wp:featuredmedia":[{"embeddable":true,"href":"http:\/\/monmaghreb.net\/index.php\/wp-json\/wp\/v2\/media\/46"}],"wp:attachment":[{"href":"http:\/\/monmaghreb.net\/index.php\/wp-json\/wp\/v2\/media?parent=45"}],"wp:term":[{"taxonomy":"category","embeddable":true,"href":"http:\/\/monmaghreb.net\/index.php\/wp-json\/wp\/v2\/categories?post=45"},{"taxonomy":"post_tag","embeddable":true,"href":"http:\/\/monmaghreb.net\/index.php\/wp-json\/wp\/v2\/tags?post=45"}],"curies":[{"name":"wp","href":"https:\/\/api.w.org\/{rel}","templated":true}]}}