{"id":22,"date":"2026-01-17T23:18:27","date_gmt":"2026-01-17T23:18:27","guid":{"rendered":"https:\/\/monmaghreb.net\/?p=22"},"modified":"2026-01-17T23:18:27","modified_gmt":"2026-01-17T23:18:27","slug":"lencre-de-la-memoire-zine-baraka","status":"publish","type":"post","link":"http:\/\/monmaghreb.net\/index.php\/2026\/01\/17\/lencre-de-la-memoire-zine-baraka\/","title":{"rendered":"L&#8217;Encre de la M\u00e9moire (Zine &amp; Baraka)"},"content":{"rendered":"\n<h3 class=\"wp-block-heading\">Le Concept<\/h3>\n\n\n\n<p><strong>L&#8217;Encre de la M\u00e9moire<\/strong> est un hommage vibrant aux femmes berb\u00e8res et \u00e0 l&#8217;identit\u00e9 amazighe<sup><\/sup>. Ce morceau explore le tatouage traditionnel comme une archive vivante, une &#8220;carte d&#8217;identit\u00e9 trac\u00e9e \u00e0 la main&#8221; qui r\u00e9siste au temps et \u00e0 l&#8217;oubli<sup><\/sup>.<\/p>\n\n\n\n<h3 class=\"wp-block-heading\">Les Paroles<\/h3>\n\n\n\n<blockquote class=\"wp-block-quote is-layout-flow wp-block-quote-is-layout-flow\">\n<p><em>&#8220;C&#8217;est l&#8217;encre de la m\u00e9moire, un art oubli\u00e9 dans les villages de l&#8217;Aur\u00e8s.&#8221;<\/em> <em>&#8220;Loham sur le front, c&#8217;est ma vie, c&#8217;est mon nom.&#8221;<\/em> <\/p>\n<\/blockquote>\n\n\n\n<h3 class=\"wp-block-heading\">L&#8217;Histoire derri\u00e8re le titre<\/h3>\n\n\n\n<ul class=\"wp-block-list\">\n<li><strong>Un h\u00e9ritage visuel<\/strong> : Le titre s&#8217;inspire des lignes bleues sur le menton et le front des grands-m\u00e8res, un cin\u00e9ma sans \u00e9cran qui raconte l&#8217;histoire du peuple.<\/li>\n\n\n\n<li><strong>La Baraka<\/strong> : Ces signes ne sont pas de simples dessins ; ils sont des talismans de protection, m\u00e9langeant charbon et s\u00e8ve pour \u00e9loigner le mal et prot\u00e9ger les r\u00eaves.<\/li>\n\n\n\n<li><strong>Une Beaut\u00e9 Rebelle<\/strong> : Malgr\u00e9 la modernit\u00e9 qui a tent\u00e9 d&#8217;effacer ces visages, ce morceau c\u00e9l\u00e8bre une fiert\u00e9 qui refuse de s&#8217;\u00e9teindre, de Tunis \u00e0 l&#8217;Atlas.+1<\/li>\n\n\n\n<li><strong>Le Flambeau<\/strong> : C&#8217;est un appel \u00e0 la nouvelle g\u00e9n\u00e9ration pour reprendre le flambeau et rester digne de cette identit\u00e9 grav\u00e9e l\u00e0-haut.<\/li>\n<\/ul>\n\n\n\n<iframe loading=\"lazy\" height=\"175\" width=\"100%\" title=\"Media player\" src=\"https:\/\/embed.music.apple.com\/us\/album\/lencre-de-la-m%C3%A9moire-zine-baraka\/1868351549?i=1868351558&amp;itscg=30200&amp;itsct=music_box_player&amp;ls=1&amp;app=music&amp;mttnsubad=1868351558&amp;theme=auto\" id=\"embedPlayer\" sandbox=\"allow-forms allow-popups allow-same-origin allow-scripts allow-top-navigation-by-user-activation\" allow=\"autoplay *; encrypted-media *; clipboard-write\" style=\"border: 0px; border-radius: 12px; width: 100%; height: 175px; max-width: 660px;\"><\/iframe>\n","protected":false},"excerpt":{"rendered":"<p>Le Concept L&#8217;Encre de la M\u00e9moire est un hommage vibrant aux femmes berb\u00e8res et \u00e0 l&#8217;identit\u00e9 amazighe. Ce morceau explore le tatouage traditionnel comme une archive vivante, une &#8220;carte d&#8217;identit\u00e9 trac\u00e9e \u00e0 la main&#8221; qui r\u00e9siste au temps et \u00e0 l&#8217;oubli. Les Paroles &#8220;C&#8217;est l&#8217;encre de la m\u00e9moire, un art oubli\u00e9 dans les villages de [&hellip;]<\/p>\n","protected":false},"author":1,"featured_media":23,"comment_status":"open","ping_status":"open","sticky":false,"template":"","format":"standard","meta":{"footnotes":""},"categories":[1],"tags":[],"class_list":["post-22","post","type-post","status-publish","format-standard","has-post-thumbnail","hentry","category-uncategorized"],"yoast_head":"<!-- This site is optimized with the Yoast SEO plugin v27.5 - https:\/\/yoast.com\/product\/yoast-seo-wordpress\/ -->\n<title>L&#039;Encre de la M\u00e9moire (Zine &amp; Baraka) - MonMaghreb Artist<\/title>\n<meta name=\"robots\" content=\"index, follow, max-snippet:-1, max-image-preview:large, max-video-preview:-1\" \/>\n<link rel=\"canonical\" href=\"http:\/\/monmaghreb.net\/index.php\/2026\/01\/17\/lencre-de-la-memoire-zine-baraka\/\" \/>\n<meta property=\"og:locale\" content=\"en_US\" \/>\n<meta property=\"og:type\" content=\"article\" \/>\n<meta property=\"og:title\" content=\"L&#039;Encre de la M\u00e9moire (Zine &amp; Baraka) - MonMaghreb Artist\" \/>\n<meta property=\"og:description\" content=\"Le Concept L&#8217;Encre de la M\u00e9moire est un hommage vibrant aux femmes berb\u00e8res et \u00e0 l&#8217;identit\u00e9 amazighe. Ce morceau explore le tatouage traditionnel comme une archive vivante, une &#8220;carte d&#8217;identit\u00e9 trac\u00e9e \u00e0 la main&#8221; qui r\u00e9siste au temps et \u00e0 l&#8217;oubli. Les Paroles &#8220;C&#8217;est l&#8217;encre de la m\u00e9moire, un art oubli\u00e9 dans les villages de [&hellip;]\" \/>\n<meta property=\"og:url\" content=\"http:\/\/monmaghreb.net\/index.php\/2026\/01\/17\/lencre-de-la-memoire-zine-baraka\/\" \/>\n<meta property=\"og:site_name\" content=\"MonMaghreb Artist\" \/>\n<meta property=\"article:published_time\" content=\"2026-01-17T23:18:27+00:00\" \/>\n<meta property=\"og:image\" content=\"http:\/\/monmaghreb.net\/wp-content\/uploads\/2026\/01\/Lencre-de-La-Memoire-Algerian.jpg\" \/>\n\t<meta property=\"og:image:width\" content=\"1024\" \/>\n\t<meta property=\"og:image:height\" content=\"1024\" \/>\n\t<meta property=\"og:image:type\" content=\"image\/jpeg\" \/>\n<meta name=\"author\" content=\"rachidgrib\" \/>\n<meta name=\"twitter:card\" content=\"summary_large_image\" \/>\n<meta name=\"twitter:label1\" content=\"Written by\" \/>\n\t<meta name=\"twitter:data1\" content=\"rachidgrib\" \/>\n\t<meta name=\"twitter:label2\" content=\"Est. reading time\" \/>\n\t<meta name=\"twitter:data2\" content=\"1 minute\" \/>\n<script type=\"application\/ld+json\" class=\"yoast-schema-graph\">{\"@context\":\"https:\\\/\\\/schema.org\",\"@graph\":[{\"@type\":\"Article\",\"@id\":\"http:\\\/\\\/monmaghreb.net\\\/index.php\\\/2026\\\/01\\\/17\\\/lencre-de-la-memoire-zine-baraka\\\/#article\",\"isPartOf\":{\"@id\":\"http:\\\/\\\/monmaghreb.net\\\/index.php\\\/2026\\\/01\\\/17\\\/lencre-de-la-memoire-zine-baraka\\\/\"},\"author\":{\"name\":\"rachidgrib\",\"@id\":\"https:\\\/\\\/monmaghreb.net\\\/#\\\/schema\\\/person\\\/665721bef2965901d57972af870f7e9d\"},\"headline\":\"L&#8217;Encre de la M\u00e9moire (Zine &amp; Baraka)\",\"datePublished\":\"2026-01-17T23:18:27+00:00\",\"mainEntityOfPage\":{\"@id\":\"http:\\\/\\\/monmaghreb.net\\\/index.php\\\/2026\\\/01\\\/17\\\/lencre-de-la-memoire-zine-baraka\\\/\"},\"wordCount\":210,\"commentCount\":0,\"publisher\":{\"@id\":\"https:\\\/\\\/monmaghreb.net\\\/#\\\/schema\\\/person\\\/665721bef2965901d57972af870f7e9d\"},\"image\":{\"@id\":\"http:\\\/\\\/monmaghreb.net\\\/index.php\\\/2026\\\/01\\\/17\\\/lencre-de-la-memoire-zine-baraka\\\/#primaryimage\"},\"thumbnailUrl\":\"http:\\\/\\\/monmaghreb.net\\\/wp-content\\\/uploads\\\/2026\\\/01\\\/Lencre-de-La-Memoire-Algerian.jpg\",\"inLanguage\":\"en-US\",\"potentialAction\":[{\"@type\":\"CommentAction\",\"name\":\"Comment\",\"target\":[\"http:\\\/\\\/monmaghreb.net\\\/index.php\\\/2026\\\/01\\\/17\\\/lencre-de-la-memoire-zine-baraka\\\/#respond\"]}]},{\"@type\":\"WebPage\",\"@id\":\"http:\\\/\\\/monmaghreb.net\\\/index.php\\\/2026\\\/01\\\/17\\\/lencre-de-la-memoire-zine-baraka\\\/\",\"url\":\"http:\\\/\\\/monmaghreb.net\\\/index.php\\\/2026\\\/01\\\/17\\\/lencre-de-la-memoire-zine-baraka\\\/\",\"name\":\"L'Encre de la M\u00e9moire (Zine &amp; Baraka) - MonMaghreb Artist\",\"isPartOf\":{\"@id\":\"https:\\\/\\\/monmaghreb.net\\\/#website\"},\"primaryImageOfPage\":{\"@id\":\"http:\\\/\\\/monmaghreb.net\\\/index.php\\\/2026\\\/01\\\/17\\\/lencre-de-la-memoire-zine-baraka\\\/#primaryimage\"},\"image\":{\"@id\":\"http:\\\/\\\/monmaghreb.net\\\/index.php\\\/2026\\\/01\\\/17\\\/lencre-de-la-memoire-zine-baraka\\\/#primaryimage\"},\"thumbnailUrl\":\"http:\\\/\\\/monmaghreb.net\\\/wp-content\\\/uploads\\\/2026\\\/01\\\/Lencre-de-La-Memoire-Algerian.jpg\",\"datePublished\":\"2026-01-17T23:18:27+00:00\",\"breadcrumb\":{\"@id\":\"http:\\\/\\\/monmaghreb.net\\\/index.php\\\/2026\\\/01\\\/17\\\/lencre-de-la-memoire-zine-baraka\\\/#breadcrumb\"},\"inLanguage\":\"en-US\",\"potentialAction\":[{\"@type\":\"ReadAction\",\"target\":[\"http:\\\/\\\/monmaghreb.net\\\/index.php\\\/2026\\\/01\\\/17\\\/lencre-de-la-memoire-zine-baraka\\\/\"]}]},{\"@type\":\"ImageObject\",\"inLanguage\":\"en-US\",\"@id\":\"http:\\\/\\\/monmaghreb.net\\\/index.php\\\/2026\\\/01\\\/17\\\/lencre-de-la-memoire-zine-baraka\\\/#primaryimage\",\"url\":\"http:\\\/\\\/monmaghreb.net\\\/wp-content\\\/uploads\\\/2026\\\/01\\\/Lencre-de-La-Memoire-Algerian.jpg\",\"contentUrl\":\"http:\\\/\\\/monmaghreb.net\\\/wp-content\\\/uploads\\\/2026\\\/01\\\/Lencre-de-La-Memoire-Algerian.jpg\",\"width\":1024,\"height\":1024},{\"@type\":\"BreadcrumbList\",\"@id\":\"http:\\\/\\\/monmaghreb.net\\\/index.php\\\/2026\\\/01\\\/17\\\/lencre-de-la-memoire-zine-baraka\\\/#breadcrumb\",\"itemListElement\":[{\"@type\":\"ListItem\",\"position\":1,\"name\":\"Home\",\"item\":\"https:\\\/\\\/monmaghreb.net\\\/\"},{\"@type\":\"ListItem\",\"position\":2,\"name\":\"L&#8217;Encre de la M\u00e9moire (Zine &amp; Baraka)\"}]},{\"@type\":\"WebSite\",\"@id\":\"https:\\\/\\\/monmaghreb.net\\\/#website\",\"url\":\"https:\\\/\\\/monmaghreb.net\\\/\",\"name\":\"MonMaghreb Artist\",\"description\":\"We are United\",\"publisher\":{\"@id\":\"https:\\\/\\\/monmaghreb.net\\\/#\\\/schema\\\/person\\\/665721bef2965901d57972af870f7e9d\"},\"potentialAction\":[{\"@type\":\"SearchAction\",\"target\":{\"@type\":\"EntryPoint\",\"urlTemplate\":\"https:\\\/\\\/monmaghreb.net\\\/?s={search_term_string}\"},\"query-input\":{\"@type\":\"PropertyValueSpecification\",\"valueRequired\":true,\"valueName\":\"search_term_string\"}}],\"inLanguage\":\"en-US\"},{\"@type\":[\"Person\",\"Organization\"],\"@id\":\"https:\\\/\\\/monmaghreb.net\\\/#\\\/schema\\\/person\\\/665721bef2965901d57972af870f7e9d\",\"name\":\"rachidgrib\",\"image\":{\"@type\":\"ImageObject\",\"inLanguage\":\"en-US\",\"@id\":\"https:\\\/\\\/monmaghreb.net\\\/wp-content\\\/uploads\\\/2026\\\/01\\\/MonMaghreb-Artist-Logo.jpg\",\"url\":\"https:\\\/\\\/monmaghreb.net\\\/wp-content\\\/uploads\\\/2026\\\/01\\\/MonMaghreb-Artist-Logo.jpg\",\"contentUrl\":\"https:\\\/\\\/monmaghreb.net\\\/wp-content\\\/uploads\\\/2026\\\/01\\\/MonMaghreb-Artist-Logo.jpg\",\"width\":1024,\"height\":623,\"caption\":\"rachidgrib\"},\"logo\":{\"@id\":\"https:\\\/\\\/monmaghreb.net\\\/wp-content\\\/uploads\\\/2026\\\/01\\\/MonMaghreb-Artist-Logo.jpg\"},\"sameAs\":[\"http:\\\/\\\/monmaghreb.net\"],\"url\":\"http:\\\/\\\/monmaghreb.net\\\/index.php\\\/author\\\/rachidgrib\\\/\"}]}<\/script>\n<!-- \/ Yoast SEO plugin. -->","yoast_head_json":{"title":"L'Encre de la M\u00e9moire (Zine &amp; Baraka) - MonMaghreb Artist","robots":{"index":"index","follow":"follow","max-snippet":"max-snippet:-1","max-image-preview":"max-image-preview:large","max-video-preview":"max-video-preview:-1"},"canonical":"http:\/\/monmaghreb.net\/index.php\/2026\/01\/17\/lencre-de-la-memoire-zine-baraka\/","og_locale":"en_US","og_type":"article","og_title":"L'Encre de la M\u00e9moire (Zine &amp; Baraka) - MonMaghreb Artist","og_description":"Le Concept L&#8217;Encre de la M\u00e9moire est un hommage vibrant aux femmes berb\u00e8res et \u00e0 l&#8217;identit\u00e9 amazighe. Ce morceau explore le tatouage traditionnel comme une archive vivante, une &#8220;carte d&#8217;identit\u00e9 trac\u00e9e \u00e0 la main&#8221; qui r\u00e9siste au temps et \u00e0 l&#8217;oubli. Les Paroles &#8220;C&#8217;est l&#8217;encre de la m\u00e9moire, un art oubli\u00e9 dans les villages de [&hellip;]","og_url":"http:\/\/monmaghreb.net\/index.php\/2026\/01\/17\/lencre-de-la-memoire-zine-baraka\/","og_site_name":"MonMaghreb Artist","article_published_time":"2026-01-17T23:18:27+00:00","og_image":[{"width":1024,"height":1024,"url":"http:\/\/monmaghreb.net\/wp-content\/uploads\/2026\/01\/Lencre-de-La-Memoire-Algerian.jpg","type":"image\/jpeg"}],"author":"rachidgrib","twitter_card":"summary_large_image","twitter_misc":{"Written by":"rachidgrib","Est. reading time":"1 minute"},"schema":{"@context":"https:\/\/schema.org","@graph":[{"@type":"Article","@id":"http:\/\/monmaghreb.net\/index.php\/2026\/01\/17\/lencre-de-la-memoire-zine-baraka\/#article","isPartOf":{"@id":"http:\/\/monmaghreb.net\/index.php\/2026\/01\/17\/lencre-de-la-memoire-zine-baraka\/"},"author":{"name":"rachidgrib","@id":"https:\/\/monmaghreb.net\/#\/schema\/person\/665721bef2965901d57972af870f7e9d"},"headline":"L&#8217;Encre de la M\u00e9moire (Zine &amp; Baraka)","datePublished":"2026-01-17T23:18:27+00:00","mainEntityOfPage":{"@id":"http:\/\/monmaghreb.net\/index.php\/2026\/01\/17\/lencre-de-la-memoire-zine-baraka\/"},"wordCount":210,"commentCount":0,"publisher":{"@id":"https:\/\/monmaghreb.net\/#\/schema\/person\/665721bef2965901d57972af870f7e9d"},"image":{"@id":"http:\/\/monmaghreb.net\/index.php\/2026\/01\/17\/lencre-de-la-memoire-zine-baraka\/#primaryimage"},"thumbnailUrl":"http:\/\/monmaghreb.net\/wp-content\/uploads\/2026\/01\/Lencre-de-La-Memoire-Algerian.jpg","inLanguage":"en-US","potentialAction":[{"@type":"CommentAction","name":"Comment","target":["http:\/\/monmaghreb.net\/index.php\/2026\/01\/17\/lencre-de-la-memoire-zine-baraka\/#respond"]}]},{"@type":"WebPage","@id":"http:\/\/monmaghreb.net\/index.php\/2026\/01\/17\/lencre-de-la-memoire-zine-baraka\/","url":"http:\/\/monmaghreb.net\/index.php\/2026\/01\/17\/lencre-de-la-memoire-zine-baraka\/","name":"L'Encre de la M\u00e9moire (Zine &amp; Baraka) - MonMaghreb Artist","isPartOf":{"@id":"https:\/\/monmaghreb.net\/#website"},"primaryImageOfPage":{"@id":"http:\/\/monmaghreb.net\/index.php\/2026\/01\/17\/lencre-de-la-memoire-zine-baraka\/#primaryimage"},"image":{"@id":"http:\/\/monmaghreb.net\/index.php\/2026\/01\/17\/lencre-de-la-memoire-zine-baraka\/#primaryimage"},"thumbnailUrl":"http:\/\/monmaghreb.net\/wp-content\/uploads\/2026\/01\/Lencre-de-La-Memoire-Algerian.jpg","datePublished":"2026-01-17T23:18:27+00:00","breadcrumb":{"@id":"http:\/\/monmaghreb.net\/index.php\/2026\/01\/17\/lencre-de-la-memoire-zine-baraka\/#breadcrumb"},"inLanguage":"en-US","potentialAction":[{"@type":"ReadAction","target":["http:\/\/monmaghreb.net\/index.php\/2026\/01\/17\/lencre-de-la-memoire-zine-baraka\/"]}]},{"@type":"ImageObject","inLanguage":"en-US","@id":"http:\/\/monmaghreb.net\/index.php\/2026\/01\/17\/lencre-de-la-memoire-zine-baraka\/#primaryimage","url":"http:\/\/monmaghreb.net\/wp-content\/uploads\/2026\/01\/Lencre-de-La-Memoire-Algerian.jpg","contentUrl":"http:\/\/monmaghreb.net\/wp-content\/uploads\/2026\/01\/Lencre-de-La-Memoire-Algerian.jpg","width":1024,"height":1024},{"@type":"BreadcrumbList","@id":"http:\/\/monmaghreb.net\/index.php\/2026\/01\/17\/lencre-de-la-memoire-zine-baraka\/#breadcrumb","itemListElement":[{"@type":"ListItem","position":1,"name":"Home","item":"https:\/\/monmaghreb.net\/"},{"@type":"ListItem","position":2,"name":"L&#8217;Encre de la M\u00e9moire (Zine &amp; Baraka)"}]},{"@type":"WebSite","@id":"https:\/\/monmaghreb.net\/#website","url":"https:\/\/monmaghreb.net\/","name":"MonMaghreb Artist","description":"We are United","publisher":{"@id":"https:\/\/monmaghreb.net\/#\/schema\/person\/665721bef2965901d57972af870f7e9d"},"potentialAction":[{"@type":"SearchAction","target":{"@type":"EntryPoint","urlTemplate":"https:\/\/monmaghreb.net\/?s={search_term_string}"},"query-input":{"@type":"PropertyValueSpecification","valueRequired":true,"valueName":"search_term_string"}}],"inLanguage":"en-US"},{"@type":["Person","Organization"],"@id":"https:\/\/monmaghreb.net\/#\/schema\/person\/665721bef2965901d57972af870f7e9d","name":"rachidgrib","image":{"@type":"ImageObject","inLanguage":"en-US","@id":"https:\/\/monmaghreb.net\/wp-content\/uploads\/2026\/01\/MonMaghreb-Artist-Logo.jpg","url":"https:\/\/monmaghreb.net\/wp-content\/uploads\/2026\/01\/MonMaghreb-Artist-Logo.jpg","contentUrl":"https:\/\/monmaghreb.net\/wp-content\/uploads\/2026\/01\/MonMaghreb-Artist-Logo.jpg","width":1024,"height":623,"caption":"rachidgrib"},"logo":{"@id":"https:\/\/monmaghreb.net\/wp-content\/uploads\/2026\/01\/MonMaghreb-Artist-Logo.jpg"},"sameAs":["http:\/\/monmaghreb.net"],"url":"http:\/\/monmaghreb.net\/index.php\/author\/rachidgrib\/"}]}},"_links":{"self":[{"href":"http:\/\/monmaghreb.net\/index.php\/wp-json\/wp\/v2\/posts\/22","targetHints":{"allow":["GET"]}}],"collection":[{"href":"http:\/\/monmaghreb.net\/index.php\/wp-json\/wp\/v2\/posts"}],"about":[{"href":"http:\/\/monmaghreb.net\/index.php\/wp-json\/wp\/v2\/types\/post"}],"author":[{"embeddable":true,"href":"http:\/\/monmaghreb.net\/index.php\/wp-json\/wp\/v2\/users\/1"}],"replies":[{"embeddable":true,"href":"http:\/\/monmaghreb.net\/index.php\/wp-json\/wp\/v2\/comments?post=22"}],"version-history":[{"count":1,"href":"http:\/\/monmaghreb.net\/index.php\/wp-json\/wp\/v2\/posts\/22\/revisions"}],"predecessor-version":[{"id":24,"href":"http:\/\/monmaghreb.net\/index.php\/wp-json\/wp\/v2\/posts\/22\/revisions\/24"}],"wp:featuredmedia":[{"embeddable":true,"href":"http:\/\/monmaghreb.net\/index.php\/wp-json\/wp\/v2\/media\/23"}],"wp:attachment":[{"href":"http:\/\/monmaghreb.net\/index.php\/wp-json\/wp\/v2\/media?parent=22"}],"wp:term":[{"taxonomy":"category","embeddable":true,"href":"http:\/\/monmaghreb.net\/index.php\/wp-json\/wp\/v2\/categories?post=22"},{"taxonomy":"post_tag","embeddable":true,"href":"http:\/\/monmaghreb.net\/index.php\/wp-json\/wp\/v2\/tags?post=22"}],"curies":[{"name":"wp","href":"https:\/\/api.w.org\/{rel}","templated":true}]}}